{"id":258,"date":"2023-02-17T21:28:44","date_gmt":"2023-02-17T20:28:44","guid":{"rendered":"https:\/\/www.bornes-recharge.net\/blog\/?p=258"},"modified":"2025-11-27T12:26:27","modified_gmt":"2025-11-27T11:26:27","slug":"prix-tesla-model-3","status":"publish","type":"post","link":"https:\/\/www.bornes-recharge.net\/blog\/prix-tesla-model-3\/","title":{"rendered":"Quel est le prix de la Tesla Model 3 ?"},"content":{"rendered":"<p>En septembre 2018, Tesla a pr\u00e9sent\u00e9 sa voiture \u00e9lectrique la plus abordable \u00e0 ce jour : la Tesla Model 3. Depuis lors, cette voiture s\u2019est vendue par milliers et les demandes augmentent encore.<\/p>\n<p>Avec ses performances et son design modernes attrayants, la Tesla Model 3 est tr\u00e8s recherch\u00e9e en Europe. Mais quel est le prix exact de cette voiture ? Voyons ensemble tous les d\u00e9tails li\u00e9s au prix de la Tesla Model 3 et aux bonus possibles !<\/p>\n<h2>Prix de la Tesla Model 3 neuve<\/h2>\n<p>Le tarif de base de la Tesla Model 3 est de <strong>43 680 \u20ac TTC<\/strong>. Toutefois, en fonction des options que vous choisissez, le prix peut \u00eatre revu \u00e0 la hausse ou \u00e0 la baisse.<\/p>\n<p>En effet, vous pouvez personnaliser votre Tesla Model 3 en achetant divers accessoires. Le choix est vari\u00e9 et comprend entre autres des jantes sp\u00e9ciales, des phases audio avanc\u00e9es, un toit panoramique, des roues plus grandes, etc. Vous pouvez donc adapter la voiture \u00e0 votre go\u00fbt et \u00e0 votre budget !<\/p>\n<ul>\n<li>Jantes sp\u00e9ciales : + 600 \u20ac.<\/li>\n<li>Phases audio avanc\u00e9es : + 500 \u20ac.<\/li>\n<li>Toit panoramique : + 2 000 \u20ac.<\/li>\n<li>Roues plus grandes : + 2 100 \u20ac.<\/li>\n<\/ul>\n<p>Si vous choisissez plusieurs options, le prix total de votre Tesla Model 3 peut atteindre <strong>50 380 \u20ac TTC<\/strong> ! Cependant, si vous optez pour un mod\u00e8le standard, vous pouvez l&rsquo;acheter au tarif initial de 43 680 \u20ac TTC.<\/p>\n<h2>Prix de la Tesla Model 3 occasion<\/h2>\n<p>Vous \u00eates \u00e0 la recherche d&rsquo;une Tesla Model 3 moins ch\u00e8re ? Il est possible de trouver des mod\u00e8les d\u2019occasion. Les tarifs varient entre 33 000 et 45 000 \u20ac TTC.<\/p>\n<p>Les mod\u00e8les les plus r\u00e9cents et les plus complets sont les plus chers. En revanche, les mod\u00e8les les plus anciens et\/ou sans option peuvent \u00eatre achet\u00e9s \u00e0 des tarifs int\u00e9ressants. Par exemple, une version 2017 sans options peut \u00eatre acquise \u00e0 partir de 33 000 \u20ac.<\/p>\n<h2>Bonus \u00e9cologique<\/h2>\n<p>Vous pouvez profiter d&rsquo;un bonus \u00e9cologique si vous souhaitez acheter une Tesla Model 3 neuve ou d&rsquo;occasion. Ce bonus est octroy\u00e9 aux particuliers qui ach\u00e8tent une voiture \u00e9lectrique dont le prix est inf\u00e9rieur \u00e0 60 000 \u20ac.<\/p>\n<p>Selon le bar\u00e8me actuel, l&rsquo;\u00c9tat accorde une aide financi\u00e8re d&rsquo;environ 6 700 \u20ac pour l&rsquo;achat d&rsquo;une Tesla Model 3 neuve ou d&rsquo;occasion. C&rsquo;est une belle somme qui peut grandement faire baisser le co\u00fbt de cette voiture !<\/p>\n<p>La Tesla Model 3 est une voiture tr\u00e8s populaire en Europe, gr\u00e2ce \u00e0 son design moderne et ses performances exceptionnelles.<\/p>\n<p>Son prix varie en fonction des options disponibles et du mod\u00e8le choisi. Un mod\u00e8le neuf co\u00fbte 43 680 \u20ac TTC et un mod\u00e8le d&rsquo;occasion peut \u00eatre achet\u00e9 pour 33 000 \u20ac. De plus, il existe un bonus \u00e9cologique propre aux voitures \u00e9lectriques dont le montant peut atteindre 6 700 \u20ac.<\/p>\n<p>Voil\u00e0, vous savez maintenant tout ce qu&rsquo;il y a \u00e0 savoir sur le prix de la Tesla Model 3 ! Si vous d\u00e9cidez de craquer pour cette voiture, n&rsquo;oubliez pas de n\u00e9gocier le prix avec votre concessionnaire !<\/p>\n","protected":false},"excerpt":{"rendered":"<p>En septembre 2018, Tesla a pr\u00e9sent\u00e9 sa voiture \u00e9lectrique la plus abordable \u00e0 ce jour : la Tesla Model 3. Depuis lors, cette voiture s\u2019est vendue par milliers et les demandes augmentent encore. Avec ses performances et son design modernes attrayants, la Tesla Model 3 est tr\u00e8s recherch\u00e9e en Europe. Mais quel est le prix [&hellip;]<\/p>\n","protected":false},"author":1,"featured_media":286,"comment_status":"open","ping_status":"open","sticky":false,"template":"","format":"standard","meta":{"footnotes":""},"categories":[17],"tags":[],"class_list":{"0":"post-258","1":"post","2":"type-post","3":"status-publish","4":"format-standard","5":"has-post-thumbnail","7":"category-tesla"},"yoast_head":"<!-- This site is optimized with the Yoast SEO plugin v26.4 - https:\/\/yoast.com\/wordpress\/plugins\/seo\/ -->\n<title>Quel est le prix de la Tesla Model 3 ?<\/title>\n<meta name=\"robots\" content=\"index, follow, max-snippet:-1, max-image-preview:large, max-video-preview:-1\" \/>\n<link rel=\"canonical\" href=\"https:\/\/www.bornes-recharge.net\/blog\/prix-tesla-model-3\/\" \/>\n<meta property=\"og:locale\" content=\"fr_FR\" \/>\n<meta property=\"og:type\" content=\"article\" \/>\n<meta property=\"og:title\" content=\"Quel est le prix de la Tesla Model 3 ?\" \/>\n<meta property=\"og:description\" content=\"En septembre 2018, Tesla a pr\u00e9sent\u00e9 sa voiture \u00e9lectrique la plus abordable \u00e0 ce jour : la Tesla Model 3. Depuis lors, cette voiture s\u2019est vendue par milliers et les demandes augmentent encore. Avec ses performances et son design modernes attrayants, la Tesla Model 3 est tr\u00e8s recherch\u00e9e en Europe. Mais quel est le prix [&hellip;]\" \/>\n<meta property=\"og:url\" content=\"https:\/\/www.bornes-recharge.net\/blog\/prix-tesla-model-3\/\" \/>\n<meta property=\"og:site_name\" content=\"Bornes Recharge\" \/>\n<meta property=\"article:published_time\" content=\"2023-02-17T20:28:44+00:00\" \/>\n<meta property=\"article:modified_time\" content=\"2025-11-27T11:26:27+00:00\" \/>\n<meta property=\"og:image\" content=\"https:\/\/www.bornes-recharge.net\/blog\/wp-content\/uploads\/2023\/02\/prix-tesla-model-3.jpg\" \/>\n\t<meta property=\"og:image:width\" content=\"1280\" \/>\n\t<meta property=\"og:image:height\" content=\"720\" \/>\n\t<meta property=\"og:image:type\" content=\"image\/jpeg\" \/>\n<meta name=\"author\" content=\"Nicolas Moreau\" \/>\n<meta name=\"twitter:card\" content=\"summary_large_image\" \/>\n<meta name=\"twitter:label1\" content=\"\u00c9crit par\" \/>\n\t<meta name=\"twitter:data1\" content=\"Nicolas Moreau\" \/>\n\t<meta name=\"twitter:label2\" content=\"Dur\u00e9e de lecture estim\u00e9e\" \/>\n\t<meta name=\"twitter:data2\" content=\"3 minutes\" \/>\n<script type=\"application\/ld+json\" class=\"yoast-schema-graph\">{\"@context\":\"https:\/\/schema.org\",\"@graph\":[{\"@type\":\"WebPage\",\"@id\":\"https:\/\/www.bornes-recharge.net\/blog\/prix-tesla-model-3\/\",\"url\":\"https:\/\/www.bornes-recharge.net\/blog\/prix-tesla-model-3\/\",\"name\":\"Quel est le prix de la Tesla Model 3 ?\",\"isPartOf\":{\"@id\":\"https:\/\/www.bornes-recharge.net\/blog\/#website\"},\"primaryImageOfPage\":{\"@id\":\"https:\/\/www.bornes-recharge.net\/blog\/prix-tesla-model-3\/#primaryimage\"},\"image\":{\"@id\":\"https:\/\/www.bornes-recharge.net\/blog\/prix-tesla-model-3\/#primaryimage\"},\"thumbnailUrl\":\"https:\/\/www.bornes-recharge.net\/blog\/wp-content\/uploads\/2023\/02\/prix-tesla-model-3.jpg\",\"datePublished\":\"2023-02-17T20:28:44+00:00\",\"dateModified\":\"2025-11-27T11:26:27+00:00\",\"author\":{\"@id\":\"https:\/\/www.bornes-recharge.net\/blog\/#\/schema\/person\/ce1b3577b2825906e0b0ea721a5d3dff\"},\"breadcrumb\":{\"@id\":\"https:\/\/www.bornes-recharge.net\/blog\/prix-tesla-model-3\/#breadcrumb\"},\"inLanguage\":\"fr-FR\",\"potentialAction\":[{\"@type\":\"ReadAction\",\"target\":[\"https:\/\/www.bornes-recharge.net\/blog\/prix-tesla-model-3\/\"]}]},{\"@type\":\"ImageObject\",\"inLanguage\":\"fr-FR\",\"@id\":\"https:\/\/www.bornes-recharge.net\/blog\/prix-tesla-model-3\/#primaryimage\",\"url\":\"https:\/\/www.bornes-recharge.net\/blog\/wp-content\/uploads\/2023\/02\/prix-tesla-model-3.jpg\",\"contentUrl\":\"https:\/\/www.bornes-recharge.net\/blog\/wp-content\/uploads\/2023\/02\/prix-tesla-model-3.jpg\",\"width\":1280,\"height\":720,\"caption\":\"Tesla Model 3\"},{\"@type\":\"BreadcrumbList\",\"@id\":\"https:\/\/www.bornes-recharge.net\/blog\/prix-tesla-model-3\/#breadcrumb\",\"itemListElement\":[{\"@type\":\"ListItem\",\"position\":1,\"name\":\"Accueil\",\"item\":\"https:\/\/www.bornes-recharge.net\/blog\/\"},{\"@type\":\"ListItem\",\"position\":2,\"name\":\"Quel est le prix de la Tesla Model 3 ?\"}]},{\"@type\":\"WebSite\",\"@id\":\"https:\/\/www.bornes-recharge.net\/blog\/#website\",\"url\":\"https:\/\/www.bornes-recharge.net\/blog\/\",\"name\":\"Bornes Recharge\",\"description\":\"\",\"potentialAction\":[{\"@type\":\"SearchAction\",\"target\":{\"@type\":\"EntryPoint\",\"urlTemplate\":\"https:\/\/www.bornes-recharge.net\/blog\/?s={search_term_string}\"},\"query-input\":{\"@type\":\"PropertyValueSpecification\",\"valueRequired\":true,\"valueName\":\"search_term_string\"}}],\"inLanguage\":\"fr-FR\"},{\"@type\":\"Person\",\"@id\":\"https:\/\/www.bornes-recharge.net\/blog\/#\/schema\/person\/ce1b3577b2825906e0b0ea721a5d3dff\",\"name\":\"Nicolas Moreau\",\"image\":{\"@type\":\"ImageObject\",\"inLanguage\":\"fr-FR\",\"@id\":\"https:\/\/www.bornes-recharge.net\/blog\/#\/schema\/person\/image\/\",\"url\":\"https:\/\/www.bornes-recharge.net\/blog\/wp-content\/uploads\/2025\/11\/cropped-auteur-96x96.jpg\",\"contentUrl\":\"https:\/\/www.bornes-recharge.net\/blog\/wp-content\/uploads\/2025\/11\/cropped-auteur-96x96.jpg\",\"caption\":\"Nicolas Moreau\"},\"description\":\"R\u00e9dacteur sp\u00e9cialis\u00e9 dans la mobilit\u00e9 \u00e9lectrique et les infrastructures de recharge, je d\u00e9crypte l\u2019actualit\u00e9 des bornes, les innovations du secteur et les meilleures solutions pour recharger efficacement son v\u00e9hicule \u00e9lectrique.\",\"url\":\"https:\/\/www.bornes-recharge.net\/blog\/author\/nicolas-moreau\/\"}]}<\/script>\n<!-- \/ Yoast SEO plugin. -->","yoast_head_json":{"title":"Quel est le prix de la Tesla Model 3 ?","robots":{"index":"index","follow":"follow","max-snippet":"max-snippet:-1","max-image-preview":"max-image-preview:large","max-video-preview":"max-video-preview:-1"},"canonical":"https:\/\/www.bornes-recharge.net\/blog\/prix-tesla-model-3\/","og_locale":"fr_FR","og_type":"article","og_title":"Quel est le prix de la Tesla Model 3 ?","og_description":"En septembre 2018, Tesla a pr\u00e9sent\u00e9 sa voiture \u00e9lectrique la plus abordable \u00e0 ce jour : la Tesla Model 3. Depuis lors, cette voiture s\u2019est vendue par milliers et les demandes augmentent encore. Avec ses performances et son design modernes attrayants, la Tesla Model 3 est tr\u00e8s recherch\u00e9e en Europe. Mais quel est le prix [&hellip;]","og_url":"https:\/\/www.bornes-recharge.net\/blog\/prix-tesla-model-3\/","og_site_name":"Bornes Recharge","article_published_time":"2023-02-17T20:28:44+00:00","article_modified_time":"2025-11-27T11:26:27+00:00","og_image":[{"width":1280,"height":720,"url":"https:\/\/www.bornes-recharge.net\/blog\/wp-content\/uploads\/2023\/02\/prix-tesla-model-3.jpg","type":"image\/jpeg"}],"author":"Nicolas Moreau","twitter_card":"summary_large_image","twitter_misc":{"\u00c9crit par":"Nicolas Moreau","Dur\u00e9e de lecture estim\u00e9e":"3 minutes"},"schema":{"@context":"https:\/\/schema.org","@graph":[{"@type":"WebPage","@id":"https:\/\/www.bornes-recharge.net\/blog\/prix-tesla-model-3\/","url":"https:\/\/www.bornes-recharge.net\/blog\/prix-tesla-model-3\/","name":"Quel est le prix de la Tesla Model 3 ?","isPartOf":{"@id":"https:\/\/www.bornes-recharge.net\/blog\/#website"},"primaryImageOfPage":{"@id":"https:\/\/www.bornes-recharge.net\/blog\/prix-tesla-model-3\/#primaryimage"},"image":{"@id":"https:\/\/www.bornes-recharge.net\/blog\/prix-tesla-model-3\/#primaryimage"},"thumbnailUrl":"https:\/\/www.bornes-recharge.net\/blog\/wp-content\/uploads\/2023\/02\/prix-tesla-model-3.jpg","datePublished":"2023-02-17T20:28:44+00:00","dateModified":"2025-11-27T11:26:27+00:00","author":{"@id":"https:\/\/www.bornes-recharge.net\/blog\/#\/schema\/person\/ce1b3577b2825906e0b0ea721a5d3dff"},"breadcrumb":{"@id":"https:\/\/www.bornes-recharge.net\/blog\/prix-tesla-model-3\/#breadcrumb"},"inLanguage":"fr-FR","potentialAction":[{"@type":"ReadAction","target":["https:\/\/www.bornes-recharge.net\/blog\/prix-tesla-model-3\/"]}]},{"@type":"ImageObject","inLanguage":"fr-FR","@id":"https:\/\/www.bornes-recharge.net\/blog\/prix-tesla-model-3\/#primaryimage","url":"https:\/\/www.bornes-recharge.net\/blog\/wp-content\/uploads\/2023\/02\/prix-tesla-model-3.jpg","contentUrl":"https:\/\/www.bornes-recharge.net\/blog\/wp-content\/uploads\/2023\/02\/prix-tesla-model-3.jpg","width":1280,"height":720,"caption":"Tesla Model 3"},{"@type":"BreadcrumbList","@id":"https:\/\/www.bornes-recharge.net\/blog\/prix-tesla-model-3\/#breadcrumb","itemListElement":[{"@type":"ListItem","position":1,"name":"Accueil","item":"https:\/\/www.bornes-recharge.net\/blog\/"},{"@type":"ListItem","position":2,"name":"Quel est le prix de la Tesla Model 3 ?"}]},{"@type":"WebSite","@id":"https:\/\/www.bornes-recharge.net\/blog\/#website","url":"https:\/\/www.bornes-recharge.net\/blog\/","name":"Bornes Recharge","description":"","potentialAction":[{"@type":"SearchAction","target":{"@type":"EntryPoint","urlTemplate":"https:\/\/www.bornes-recharge.net\/blog\/?s={search_term_string}"},"query-input":{"@type":"PropertyValueSpecification","valueRequired":true,"valueName":"search_term_string"}}],"inLanguage":"fr-FR"},{"@type":"Person","@id":"https:\/\/www.bornes-recharge.net\/blog\/#\/schema\/person\/ce1b3577b2825906e0b0ea721a5d3dff","name":"Nicolas Moreau","image":{"@type":"ImageObject","inLanguage":"fr-FR","@id":"https:\/\/www.bornes-recharge.net\/blog\/#\/schema\/person\/image\/","url":"https:\/\/www.bornes-recharge.net\/blog\/wp-content\/uploads\/2025\/11\/cropped-auteur-96x96.jpg","contentUrl":"https:\/\/www.bornes-recharge.net\/blog\/wp-content\/uploads\/2025\/11\/cropped-auteur-96x96.jpg","caption":"Nicolas Moreau"},"description":"R\u00e9dacteur sp\u00e9cialis\u00e9 dans la mobilit\u00e9 \u00e9lectrique et les infrastructures de recharge, je d\u00e9crypte l\u2019actualit\u00e9 des bornes, les innovations du secteur et les meilleures solutions pour recharger efficacement son v\u00e9hicule \u00e9lectrique.","url":"https:\/\/www.bornes-recharge.net\/blog\/author\/nicolas-moreau\/"}]}},"_links":{"self":[{"href":"https:\/\/www.bornes-recharge.net\/blog\/wp-json\/wp\/v2\/posts\/258","targetHints":{"allow":["GET"]}}],"collection":[{"href":"https:\/\/www.bornes-recharge.net\/blog\/wp-json\/wp\/v2\/posts"}],"about":[{"href":"https:\/\/www.bornes-recharge.net\/blog\/wp-json\/wp\/v2\/types\/post"}],"author":[{"embeddable":true,"href":"https:\/\/www.bornes-recharge.net\/blog\/wp-json\/wp\/v2\/users\/1"}],"replies":[{"embeddable":true,"href":"https:\/\/www.bornes-recharge.net\/blog\/wp-json\/wp\/v2\/comments?post=258"}],"version-history":[{"count":2,"href":"https:\/\/www.bornes-recharge.net\/blog\/wp-json\/wp\/v2\/posts\/258\/revisions"}],"predecessor-version":[{"id":287,"href":"https:\/\/www.bornes-recharge.net\/blog\/wp-json\/wp\/v2\/posts\/258\/revisions\/287"}],"wp:featuredmedia":[{"embeddable":true,"href":"https:\/\/www.bornes-recharge.net\/blog\/wp-json\/wp\/v2\/media\/286"}],"wp:attachment":[{"href":"https:\/\/www.bornes-recharge.net\/blog\/wp-json\/wp\/v2\/media?parent=258"}],"wp:term":[{"taxonomy":"category","embeddable":true,"href":"https:\/\/www.bornes-recharge.net\/blog\/wp-json\/wp\/v2\/categories?post=258"},{"taxonomy":"post_tag","embeddable":true,"href":"https:\/\/www.bornes-recharge.net\/blog\/wp-json\/wp\/v2\/tags?post=258"}],"curies":[{"name":"wp","href":"https:\/\/api.w.org\/{rel}","templated":true}]}}